{"id":6205,"date":"2025-04-22T15:27:12","date_gmt":"2025-04-22T15:27:12","guid":{"rendered":"https:\/\/belart-gallery.com\/?p=6205"},"modified":"2025-04-22T15:27:12","modified_gmt":"2025-04-22T15:27:12","slug":"10-movie-scenes-inspired-by-famous-paintings","status":"publish","type":"post","link":"https:\/\/www.belart-gallery.com\/fr\/post\/10-movie-scenes-inspired-by-famous-paintings\/","title":{"rendered":"10 sc\u00e8nes de films inspir\u00e9es de peintures c\u00e9l\u00e8bres"},"content":{"rendered":"<p id=\"viewer-7lw2n5860\"><a target=\"_blank\" href=\"https:\/\/www.belart-gallery.com\/fr\/shop\/\" rel=\"noreferrer noopener\"><u>L'art<\/u><\/a> est une forme de narration \u00e0 travers ses formes, ses couleurs et ses mouvements. Les films s'inspirent souvent de peintures c\u00e9l\u00e8bres. Les peintures <a target=\"_blank\" href=\"https:\/\/www.belart-gallery.com\/fr\/artists\/\" rel=\"noreferrer noopener\"><u>artistes<\/u><\/a> ont \u00e9bloui le public par leur cr\u00e9ativit\u00e9 innovante et leurs \u00e9motions.<\/p>\n\n\n\n<p id=\"viewer-vxrx3954\">Les films s'appuient souvent sur l'art pour faire passer leurs messages. Voici donc 10 des \u0153uvres les plus marquantes qui ont inspir\u00e9 de nombreux films.<\/p>\n\n\n\n<figure class=\"wp-block-image size-full\"><a href=\"https:\/\/belart-gallery.com\/wp-content\/uploads\/2025\/04\/e96aef_69e42d38d120409faf36e11170dc8bc1mv2.avif\"><img fetchpriority=\"high\" decoding=\"async\" width=\"840\" height=\"420\" src=\"https:\/\/belart-gallery.com\/wp-content\/uploads\/2025\/04\/e96aef_69e42d38d120409faf36e11170dc8bc1mv2.avif\" alt=\"\" class=\"wp-image-6207\" srcset=\"https:\/\/www.belart-gallery.com\/wp-content\/uploads\/2025\/04\/e96aef_69e42d38d120409faf36e11170dc8bc1mv2.avif 840w, https:\/\/www.belart-gallery.com\/wp-content\/uploads\/2025\/04\/e96aef_69e42d38d120409faf36e11170dc8bc1mv2-300x150.avif 300w, https:\/\/www.belart-gallery.com\/wp-content\/uploads\/2025\/04\/e96aef_69e42d38d120409faf36e11170dc8bc1mv2-768x384.avif 768w, https:\/\/www.belart-gallery.com\/wp-content\/uploads\/2025\/04\/e96aef_69e42d38d120409faf36e11170dc8bc1mv2-18x9.avif 18w, https:\/\/www.belart-gallery.com\/wp-content\/uploads\/2025\/04\/e96aef_69e42d38d120409faf36e11170dc8bc1mv2-600x300.avif 600w\" sizes=\"(max-width: 840px) 100vw, 840px\" \/><\/a><\/figure>\n\n\n\n<h2 class=\"wp-block-heading\" id=\"viewer-q9a6t341\"><br>1. Starry Night by Vincent van Gogh - Vu dans \"Loving Vincent\" (2017)<\/h2>\n\n\n\n<p id=\"viewer-x646z94\">La nuit \u00e9toil\u00e9e de Vincent van Gogh se trouve dans \"Loving Vincent\", un film d'animation qui retrace sa vie.<\/p>\n\n\n\n<figure class=\"wp-block-image size-full is-resized\"><a href=\"https:\/\/belart-gallery.com\/wp-content\/uploads\/2025\/04\/e96aef_bf59f43beed64343ad553638a74cf4f2mv2.gif\"><img decoding=\"async\" width=\"500\" height=\"366\" src=\"https:\/\/belart-gallery.com\/wp-content\/uploads\/2025\/04\/e96aef_bf59f43beed64343ad553638a74cf4f2mv2.gif\" alt=\"\" class=\"wp-image-6206\" style=\"width:840px;height:auto\"\/><\/a><\/figure>\n\n\n\n<h2 class=\"wp-block-heading\" id=\"viewer-a4j43404\">2. American Gothic de Grant Wood - The Rocky Horror Picture Show (1975)<\/h2>\n\n\n\n<p id=\"viewer-ngj7q126\">L'American Gothic de Grant Wood a figur\u00e9 en bonne place dans le Rocky Horror Picture Show (1975) lors de la sc\u00e8ne de la \"distorsion temporelle\".<\/p>\n\n\n\n<figure class=\"wp-block-image size-full is-resized\"><a href=\"https:\/\/belart-gallery.com\/wp-content\/uploads\/2025\/04\/e96aef_e14c9f4221f4494f882215349b833494mv2.avif\"><img decoding=\"async\" width=\"652\" height=\"394\" src=\"https:\/\/belart-gallery.com\/wp-content\/uploads\/2025\/04\/e96aef_e14c9f4221f4494f882215349b833494mv2.avif\" alt=\"\" class=\"wp-image-6208\" style=\"width:840px;height:auto\" srcset=\"https:\/\/www.belart-gallery.com\/wp-content\/uploads\/2025\/04\/e96aef_e14c9f4221f4494f882215349b833494mv2.avif 652w, https:\/\/www.belart-gallery.com\/wp-content\/uploads\/2025\/04\/e96aef_e14c9f4221f4494f882215349b833494mv2-300x181.avif 300w, https:\/\/www.belart-gallery.com\/wp-content\/uploads\/2025\/04\/e96aef_e14c9f4221f4494f882215349b833494mv2-18x12.avif 18w, https:\/\/www.belart-gallery.com\/wp-content\/uploads\/2025\/04\/e96aef_e14c9f4221f4494f882215349b833494mv2-650x394.avif 650w, https:\/\/www.belart-gallery.com\/wp-content\/uploads\/2025\/04\/e96aef_e14c9f4221f4494f882215349b833494mv2-600x363.avif 600w\" sizes=\"(max-width: 652px) 100vw, 652px\" \/><\/a><\/figure>\n\n\n\n<h2 class=\"wp-block-heading\" id=\"viewer-6v90c491\">3. Oph\u00e9lie par John Everett Millais - Melancholia (2011)<\/h2>\n\n\n\n<p id=\"viewer-zn2h9160\">\"Ophelia\" de John Everett Millais - La sc\u00e8ne de Justine flottant sur une rivi\u00e8re dans \"Melancholia\" (2011) rappelle de mani\u00e8re frappante la repr\u00e9sentation d'Oph\u00e9lie par Millais dans \"Hamlet\" de Shakespeare.<\/p>\n\n\n\n<figure class=\"wp-block-image size-full is-resized\"><a href=\"https:\/\/belart-gallery.com\/wp-content\/uploads\/2025\/04\/e96aef_8dff3cb452db434b92ad9bf22b8f16d0mv2.avif\"><img loading=\"lazy\" decoding=\"async\" width=\"640\" height=\"640\" src=\"https:\/\/belart-gallery.com\/wp-content\/uploads\/2025\/04\/e96aef_8dff3cb452db434b92ad9bf22b8f16d0mv2.avif\" alt=\"\" class=\"wp-image-6209\" style=\"width:840px;height:auto\" srcset=\"https:\/\/www.belart-gallery.com\/wp-content\/uploads\/2025\/04\/e96aef_8dff3cb452db434b92ad9bf22b8f16d0mv2.avif 640w, https:\/\/www.belart-gallery.com\/wp-content\/uploads\/2025\/04\/e96aef_8dff3cb452db434b92ad9bf22b8f16d0mv2-150x150.avif 150w, https:\/\/www.belart-gallery.com\/wp-content\/uploads\/2025\/04\/e96aef_8dff3cb452db434b92ad9bf22b8f16d0mv2-300x300.avif 300w, https:\/\/www.belart-gallery.com\/wp-content\/uploads\/2025\/04\/e96aef_8dff3cb452db434b92ad9bf22b8f16d0mv2-12x12.avif 12w, https:\/\/www.belart-gallery.com\/wp-content\/uploads\/2025\/04\/e96aef_8dff3cb452db434b92ad9bf22b8f16d0mv2-600x600.avif 600w\" sizes=\"(max-width: 640px) 100vw, 640px\" \/><\/a><\/figure>\n\n\n\n<h2 class=\"wp-block-heading\" id=\"viewer-gwfbx570\">4. La C\u00e8ne de L\u00e9onard de Vinci - La sc\u00e8ne finale du d\u00eener dans \"Trainspotting\" (1996)<\/h2>\n\n\n\n<p id=\"viewer-6umh3196\">\"La C\u00e8ne de L\u00e9onard de Vinci\" - Dans \"Trainspotting\", la sc\u00e8ne finale du d\u00eener tente de reproduire cette composition embl\u00e9matique de L\u00e9onard de Vinci.<\/p>\n\n\n\n<figure class=\"wp-block-image size-full\"><a href=\"https:\/\/belart-gallery.com\/wp-content\/uploads\/2025\/04\/e96aef_f2a79ff902d640ebab743d52eabe3bbbmv2.avif\"><img loading=\"lazy\" decoding=\"async\" width=\"899\" height=\"486\" src=\"https:\/\/belart-gallery.com\/wp-content\/uploads\/2025\/04\/e96aef_f2a79ff902d640ebab743d52eabe3bbbmv2.avif\" alt=\"\" class=\"wp-image-6210\" srcset=\"https:\/\/www.belart-gallery.com\/wp-content\/uploads\/2025\/04\/e96aef_f2a79ff902d640ebab743d52eabe3bbbmv2.avif 899w, https:\/\/www.belart-gallery.com\/wp-content\/uploads\/2025\/04\/e96aef_f2a79ff902d640ebab743d52eabe3bbbmv2-300x162.avif 300w, https:\/\/www.belart-gallery.com\/wp-content\/uploads\/2025\/04\/e96aef_f2a79ff902d640ebab743d52eabe3bbbmv2-768x415.avif 768w, https:\/\/www.belart-gallery.com\/wp-content\/uploads\/2025\/04\/e96aef_f2a79ff902d640ebab743d52eabe3bbbmv2-18x10.avif 18w, https:\/\/www.belart-gallery.com\/wp-content\/uploads\/2025\/04\/e96aef_f2a79ff902d640ebab743d52eabe3bbbmv2-600x324.avif 600w\" sizes=\"(max-width: 899px) 100vw, 899px\" \/><\/a><\/figure>\n\n\n\n<figure class=\"wp-block-image size-large\"><a href=\"https:\/\/belart-gallery.com\/wp-content\/uploads\/2025\/04\/e96aef_919ba1ad5ee64d5699b5c35f2cf7e5f4mv2.avif\"><img loading=\"lazy\" decoding=\"async\" width=\"1024\" height=\"515\" src=\"https:\/\/belart-gallery.com\/wp-content\/uploads\/2025\/04\/e96aef_919ba1ad5ee64d5699b5c35f2cf7e5f4mv2-1024x515.avif\" alt=\"\" class=\"wp-image-6211\" srcset=\"https:\/\/www.belart-gallery.com\/wp-content\/uploads\/2025\/04\/e96aef_919ba1ad5ee64d5699b5c35f2cf7e5f4mv2-1024x515.avif 1024w, https:\/\/www.belart-gallery.com\/wp-content\/uploads\/2025\/04\/e96aef_919ba1ad5ee64d5699b5c35f2cf7e5f4mv2-300x151.avif 300w, https:\/\/www.belart-gallery.com\/wp-content\/uploads\/2025\/04\/e96aef_919ba1ad5ee64d5699b5c35f2cf7e5f4mv2-768x386.avif 768w, https:\/\/www.belart-gallery.com\/wp-content\/uploads\/2025\/04\/e96aef_919ba1ad5ee64d5699b5c35f2cf7e5f4mv2-18x9.avif 18w, https:\/\/www.belart-gallery.com\/wp-content\/uploads\/2025\/04\/e96aef_919ba1ad5ee64d5699b5c35f2cf7e5f4mv2-600x302.avif 600w, https:\/\/www.belart-gallery.com\/wp-content\/uploads\/2025\/04\/e96aef_919ba1ad5ee64d5699b5c35f2cf7e5f4mv2.avif 1480w\" sizes=\"(max-width: 1024px) 100vw, 1024px\" \/><\/a><\/figure>\n\n\n\n<h2 class=\"wp-block-heading\" id=\"viewer-gxz5e656\">5. Le Radeau de la M\u00e9duse de Th\u00e9odore G\u00e9ricault -La Vie de Pi (2012)<\/h2>\n\n\n\n<p id=\"viewer-rjxvd234\">\"Le radeau de la M\u00e9duse\" de Th\u00e9odore G\u00e9ricault - Dans \"La vie de Pi\" (2012), lorsque Pi et Richard Parker se retrouvent sur un radeau gonflable dans une mer agit\u00e9e, il s'agit d'une allusion au puissant tableau de G\u00e9ricault intitul\u00e9 \"Le radeau de la M\u00e9duse\".<\/p>\n\n\n\n<figure class=\"wp-block-image size-large\"><a href=\"https:\/\/belart-gallery.com\/wp-content\/uploads\/2025\/04\/e96aef_0c65c867cc8545db93b3fa343b92c80cmv2.avif\"><img loading=\"lazy\" decoding=\"async\" width=\"1024\" height=\"561\" src=\"https:\/\/belart-gallery.com\/wp-content\/uploads\/2025\/04\/e96aef_0c65c867cc8545db93b3fa343b92c80cmv2-1024x561.avif\" alt=\"\" class=\"wp-image-6212\" srcset=\"https:\/\/www.belart-gallery.com\/wp-content\/uploads\/2025\/04\/e96aef_0c65c867cc8545db93b3fa343b92c80cmv2-1024x561.avif 1024w, https:\/\/www.belart-gallery.com\/wp-content\/uploads\/2025\/04\/e96aef_0c65c867cc8545db93b3fa343b92c80cmv2-300x164.avif 300w, https:\/\/www.belart-gallery.com\/wp-content\/uploads\/2025\/04\/e96aef_0c65c867cc8545db93b3fa343b92c80cmv2-768x421.avif 768w, https:\/\/www.belart-gallery.com\/wp-content\/uploads\/2025\/04\/e96aef_0c65c867cc8545db93b3fa343b92c80cmv2-18x10.avif 18w, https:\/\/www.belart-gallery.com\/wp-content\/uploads\/2025\/04\/e96aef_0c65c867cc8545db93b3fa343b92c80cmv2-600x329.avif 600w, https:\/\/www.belart-gallery.com\/wp-content\/uploads\/2025\/04\/e96aef_0c65c867cc8545db93b3fa343b92c80cmv2.avif 1098w\" sizes=\"(max-width: 1024px) 100vw, 1024px\" \/><\/a><\/figure>\n\n\n\n<figure class=\"wp-block-image size-large\"><a href=\"https:\/\/belart-gallery.com\/wp-content\/uploads\/2025\/04\/e96aef_3aa55a68699640b8bd4e232191c73e75mv2.avif\"><img loading=\"lazy\" decoding=\"async\" width=\"1024\" height=\"520\" src=\"https:\/\/belart-gallery.com\/wp-content\/uploads\/2025\/04\/e96aef_3aa55a68699640b8bd4e232191c73e75mv2-1024x520.avif\" alt=\"\" class=\"wp-image-6213\" srcset=\"https:\/\/www.belart-gallery.com\/wp-content\/uploads\/2025\/04\/e96aef_3aa55a68699640b8bd4e232191c73e75mv2-1024x520.avif 1024w, https:\/\/www.belart-gallery.com\/wp-content\/uploads\/2025\/04\/e96aef_3aa55a68699640b8bd4e232191c73e75mv2-300x152.avif 300w, https:\/\/www.belart-gallery.com\/wp-content\/uploads\/2025\/04\/e96aef_3aa55a68699640b8bd4e232191c73e75mv2-768x390.avif 768w, https:\/\/www.belart-gallery.com\/wp-content\/uploads\/2025\/04\/e96aef_3aa55a68699640b8bd4e232191c73e75mv2-18x9.avif 18w, https:\/\/www.belart-gallery.com\/wp-content\/uploads\/2025\/04\/e96aef_3aa55a68699640b8bd4e232191c73e75mv2-600x305.avif 600w, https:\/\/www.belart-gallery.com\/wp-content\/uploads\/2025\/04\/e96aef_3aa55a68699640b8bd4e232191c73e75mv2.avif 1480w\" sizes=\"(max-width: 1024px) 100vw, 1024px\" \/><\/a><\/figure>\n\n\n\n<h2 class=\"wp-block-heading\" id=\"viewer-3i8h9757\">6. Le portrait Arnolfini de Jan van Eyck - \"La famille Addams\" (1991)<\/h2>\n\n\n\n<p id=\"viewer-2p7gq272\">Le tableau de Jan van Eyck \"Le portrait Arnolfini\" se retrouve dans \"La famille Addams\", 1991, o\u00f9 Gomez et Morticia Addams posent de la m\u00eame mani\u00e8re que Gomez et Morticia dans le portrait de Van Eyck.<\/p>\n\n\n\n<figure class=\"wp-block-image size-large\"><a href=\"https:\/\/belart-gallery.com\/wp-content\/uploads\/2025\/04\/e96aef_3049a0b3352c45f1b9dcd52ff2ddb8cemv2.avif\"><img loading=\"lazy\" decoding=\"async\" width=\"1024\" height=\"765\" src=\"https:\/\/belart-gallery.com\/wp-content\/uploads\/2025\/04\/e96aef_3049a0b3352c45f1b9dcd52ff2ddb8cemv2-1024x765.avif\" alt=\"\" class=\"wp-image-6214\" srcset=\"https:\/\/www.belart-gallery.com\/wp-content\/uploads\/2025\/04\/e96aef_3049a0b3352c45f1b9dcd52ff2ddb8cemv2-1024x765.avif 1024w, https:\/\/www.belart-gallery.com\/wp-content\/uploads\/2025\/04\/e96aef_3049a0b3352c45f1b9dcd52ff2ddb8cemv2-300x224.avif 300w, https:\/\/www.belart-gallery.com\/wp-content\/uploads\/2025\/04\/e96aef_3049a0b3352c45f1b9dcd52ff2ddb8cemv2-768x574.avif 768w, https:\/\/www.belart-gallery.com\/wp-content\/uploads\/2025\/04\/e96aef_3049a0b3352c45f1b9dcd52ff2ddb8cemv2-16x12.avif 16w, https:\/\/www.belart-gallery.com\/wp-content\/uploads\/2025\/04\/e96aef_3049a0b3352c45f1b9dcd52ff2ddb8cemv2-600x448.avif 600w, https:\/\/www.belart-gallery.com\/wp-content\/uploads\/2025\/04\/e96aef_3049a0b3352c45f1b9dcd52ff2ddb8cemv2.avif 1480w\" sizes=\"(max-width: 1024px) 100vw, 1024px\" \/><\/a><\/figure>\n\n\n\n<h2 class=\"wp-block-heading\" id=\"viewer-2kvxu830\">7. Saturne d\u00e9vorant son fils par Francisco Goya - \"Le labyrinthe de Pan\" (2006)<\/h2>\n\n\n\n<p id=\"viewer-s6nc2312\">Le tableau de Francisco Goya \"Saturne d\u00e9vorant son fils\" est une source d'inspiration \u00e9vidente pour Le labyrinthe de Pan (2006) ; l'homme p\u00e2le tire son apparence et son comportement directement de cette \u0153uvre troublante de Francisco Goya. <a target=\"_blank\" href=\"https:\/\/www.belart-gallery.com\/fr\/shop\/\" rel=\"noreferrer noopener\"><u>l'art<\/u><\/a>.<\/p>\n\n\n\n<figure class=\"wp-block-image size-large\"><a href=\"https:\/\/belart-gallery.com\/wp-content\/uploads\/2025\/04\/e96aef_9179cf3c21764196862ece96774428d4mv2-1.avif\"><img loading=\"lazy\" decoding=\"async\" width=\"1024\" height=\"426\" src=\"https:\/\/belart-gallery.com\/wp-content\/uploads\/2025\/04\/e96aef_9179cf3c21764196862ece96774428d4mv2-1-1024x426.avif\" alt=\"\" class=\"wp-image-6215\" srcset=\"https:\/\/www.belart-gallery.com\/wp-content\/uploads\/2025\/04\/e96aef_9179cf3c21764196862ece96774428d4mv2-1-1024x426.avif 1024w, https:\/\/www.belart-gallery.com\/wp-content\/uploads\/2025\/04\/e96aef_9179cf3c21764196862ece96774428d4mv2-1-300x125.avif 300w, https:\/\/www.belart-gallery.com\/wp-content\/uploads\/2025\/04\/e96aef_9179cf3c21764196862ece96774428d4mv2-1-768x320.avif 768w, https:\/\/www.belart-gallery.com\/wp-content\/uploads\/2025\/04\/e96aef_9179cf3c21764196862ece96774428d4mv2-1-18x7.avif 18w, https:\/\/www.belart-gallery.com\/wp-content\/uploads\/2025\/04\/e96aef_9179cf3c21764196862ece96774428d4mv2-1-600x250.avif 600w, https:\/\/www.belart-gallery.com\/wp-content\/uploads\/2025\/04\/e96aef_9179cf3c21764196862ece96774428d4mv2-1.avif 1079w\" sizes=\"(max-width: 1024px) 100vw, 1024px\" \/><\/a><\/figure>\n\n\n\n<h2 class=\"wp-block-heading\" id=\"viewer-ekvp4976\">8. Le cri d'Edvard Munch - Home Alone\" (1990)<\/h2>\n\n\n\n<p id=\"viewer-5ec97356\">Le cri d'Edvard Munch est apparu dans \"Home Alone\" (1990) lors de l'application de l'apr\u00e8s-rasage par Kevin.<\/p>\n\n\n\n<figure class=\"wp-block-image size-large\"><a href=\"https:\/\/belart-gallery.com\/wp-content\/uploads\/2025\/04\/e96aef_0a1ef18001dd476c8be45270e78397e8mv2.avif\"><img loading=\"lazy\" decoding=\"async\" width=\"1024\" height=\"537\" src=\"https:\/\/belart-gallery.com\/wp-content\/uploads\/2025\/04\/e96aef_0a1ef18001dd476c8be45270e78397e8mv2-1024x537.avif\" alt=\"\" class=\"wp-image-6216\" srcset=\"https:\/\/www.belart-gallery.com\/wp-content\/uploads\/2025\/04\/e96aef_0a1ef18001dd476c8be45270e78397e8mv2-1024x537.avif 1024w, https:\/\/www.belart-gallery.com\/wp-content\/uploads\/2025\/04\/e96aef_0a1ef18001dd476c8be45270e78397e8mv2-300x157.avif 300w, https:\/\/www.belart-gallery.com\/wp-content\/uploads\/2025\/04\/e96aef_0a1ef18001dd476c8be45270e78397e8mv2-768x403.avif 768w, https:\/\/www.belart-gallery.com\/wp-content\/uploads\/2025\/04\/e96aef_0a1ef18001dd476c8be45270e78397e8mv2-18x9.avif 18w, https:\/\/www.belart-gallery.com\/wp-content\/uploads\/2025\/04\/e96aef_0a1ef18001dd476c8be45270e78397e8mv2-600x315.avif 600w, https:\/\/www.belart-gallery.com\/wp-content\/uploads\/2025\/04\/e96aef_0a1ef18001dd476c8be45270e78397e8mv2.avif 1245w\" sizes=\"(max-width: 1024px) 100vw, 1024px\" \/><\/a><\/figure>\n\n\n\n<figure class=\"wp-block-image size-large\"><a href=\"https:\/\/belart-gallery.com\/wp-content\/uploads\/2025\/04\/e96aef_6b2a5836ef1b49d29b6c9ff8e28f9d4bmv2.avif\"><img loading=\"lazy\" decoding=\"async\" width=\"1024\" height=\"614\" src=\"https:\/\/belart-gallery.com\/wp-content\/uploads\/2025\/04\/e96aef_6b2a5836ef1b49d29b6c9ff8e28f9d4bmv2-1024x614.avif\" alt=\"\" class=\"wp-image-6217\" srcset=\"https:\/\/www.belart-gallery.com\/wp-content\/uploads\/2025\/04\/e96aef_6b2a5836ef1b49d29b6c9ff8e28f9d4bmv2-1024x614.avif 1024w, https:\/\/www.belart-gallery.com\/wp-content\/uploads\/2025\/04\/e96aef_6b2a5836ef1b49d29b6c9ff8e28f9d4bmv2-300x180.avif 300w, https:\/\/www.belart-gallery.com\/wp-content\/uploads\/2025\/04\/e96aef_6b2a5836ef1b49d29b6c9ff8e28f9d4bmv2-768x461.avif 768w, https:\/\/www.belart-gallery.com\/wp-content\/uploads\/2025\/04\/e96aef_6b2a5836ef1b49d29b6c9ff8e28f9d4bmv2-18x12.avif 18w, https:\/\/www.belart-gallery.com\/wp-content\/uploads\/2025\/04\/e96aef_6b2a5836ef1b49d29b6c9ff8e28f9d4bmv2-600x360.avif 600w, https:\/\/www.belart-gallery.com\/wp-content\/uploads\/2025\/04\/e96aef_6b2a5836ef1b49d29b6c9ff8e28f9d4bmv2.avif 1200w\" sizes=\"(max-width: 1024px) 100vw, 1024px\" \/><\/a><\/figure>\n\n\n\n<h2 class=\"wp-block-heading\" id=\"viewer-xos1i1108\">9. Le Jugement dernier par Hieronymus Bosch - Mad Max : Fury Road (2015)<\/h2>\n\n\n\n<p id=\"viewer-2uban400\">\"Mad Max : Fury Road (2015) pr\u00e9sente une sc\u00e8ne de rallye \u00e9pique entre Immortan Joe et ses War Boys qui s'inspire visuellement et th\u00e9matiquement du tableau de Michel-Ange \"Le Jugement dernier\".<\/p>\n\n\n\n<figure class=\"wp-block-image size-large\"><a href=\"https:\/\/belart-gallery.com\/wp-content\/uploads\/2025\/04\/e96aef_c8da49f2078f42529c6886bf3f39239dmv2-1.avif\"><img loading=\"lazy\" decoding=\"async\" width=\"1024\" height=\"479\" src=\"https:\/\/belart-gallery.com\/wp-content\/uploads\/2025\/04\/e96aef_c8da49f2078f42529c6886bf3f39239dmv2-1-1024x479.avif\" alt=\"\" class=\"wp-image-6218\" srcset=\"https:\/\/www.belart-gallery.com\/wp-content\/uploads\/2025\/04\/e96aef_c8da49f2078f42529c6886bf3f39239dmv2-1-1024x479.avif 1024w, https:\/\/www.belart-gallery.com\/wp-content\/uploads\/2025\/04\/e96aef_c8da49f2078f42529c6886bf3f39239dmv2-1-300x140.avif 300w, https:\/\/www.belart-gallery.com\/wp-content\/uploads\/2025\/04\/e96aef_c8da49f2078f42529c6886bf3f39239dmv2-1-768x359.avif 768w, https:\/\/www.belart-gallery.com\/wp-content\/uploads\/2025\/04\/e96aef_c8da49f2078f42529c6886bf3f39239dmv2-1-18x8.avif 18w, https:\/\/www.belart-gallery.com\/wp-content\/uploads\/2025\/04\/e96aef_c8da49f2078f42529c6886bf3f39239dmv2-1-600x280.avif 600w, https:\/\/www.belart-gallery.com\/wp-content\/uploads\/2025\/04\/e96aef_c8da49f2078f42529c6886bf3f39239dmv2-1.avif 1138w\" sizes=\"(max-width: 1024px) 100vw, 1024px\" \/><\/a><\/figure>\n\n\n\n<h2 class=\"wp-block-heading\" id=\"viewer-tfokj1267\">10. La balan\u00e7oire de Jean-Honor\u00e9 Fragonard - Frozen (2013)<\/h2>\n\n\n\n<p id=\"viewer-hxtby509\">La balan\u00e7oire de Jean-Honor\u00e9 Fragonard peut \u00eatre vue lors de la sc\u00e8ne embl\u00e9matique d'Anna \"Pour la premi\u00e8re fois\" dans le film \"Frozen\".<\/p>\n\n\n\n<figure class=\"wp-block-image size-large\"><a href=\"https:\/\/belart-gallery.com\/wp-content\/uploads\/2025\/04\/e96aef_09aaa908c2a9426194bfa1cfe60c7f48mv2.avif\"><img loading=\"lazy\" decoding=\"async\" width=\"1024\" height=\"432\" src=\"https:\/\/belart-gallery.com\/wp-content\/uploads\/2025\/04\/e96aef_09aaa908c2a9426194bfa1cfe60c7f48mv2-1024x432.avif\" alt=\"\" class=\"wp-image-6219\" srcset=\"https:\/\/www.belart-gallery.com\/wp-content\/uploads\/2025\/04\/e96aef_09aaa908c2a9426194bfa1cfe60c7f48mv2-1024x432.avif 1024w, https:\/\/www.belart-gallery.com\/wp-content\/uploads\/2025\/04\/e96aef_09aaa908c2a9426194bfa1cfe60c7f48mv2-300x127.avif 300w, https:\/\/www.belart-gallery.com\/wp-content\/uploads\/2025\/04\/e96aef_09aaa908c2a9426194bfa1cfe60c7f48mv2-768x324.avif 768w, https:\/\/www.belart-gallery.com\/wp-content\/uploads\/2025\/04\/e96aef_09aaa908c2a9426194bfa1cfe60c7f48mv2-18x8.avif 18w, https:\/\/www.belart-gallery.com\/wp-content\/uploads\/2025\/04\/e96aef_09aaa908c2a9426194bfa1cfe60c7f48mv2-600x253.avif 600w, https:\/\/www.belart-gallery.com\/wp-content\/uploads\/2025\/04\/e96aef_09aaa908c2a9426194bfa1cfe60c7f48mv2.avif 1280w\" sizes=\"(max-width: 1024px) 100vw, 1024px\" \/><\/a><\/figure>\n\n\n\n<figure class=\"wp-block-image size-large\"><a href=\"https:\/\/belart-gallery.com\/wp-content\/uploads\/2025\/04\/e96aef_1f1f944a58584afeb0f1b3c6b0172da9mv2.avif\"><img loading=\"lazy\" decoding=\"async\" width=\"1024\" height=\"576\" src=\"https:\/\/belart-gallery.com\/wp-content\/uploads\/2025\/04\/e96aef_1f1f944a58584afeb0f1b3c6b0172da9mv2-1024x576.avif\" alt=\"\" class=\"wp-image-6220\" srcset=\"https:\/\/www.belart-gallery.com\/wp-content\/uploads\/2025\/04\/e96aef_1f1f944a58584afeb0f1b3c6b0172da9mv2-1024x576.avif 1024w, https:\/\/www.belart-gallery.com\/wp-content\/uploads\/2025\/04\/e96aef_1f1f944a58584afeb0f1b3c6b0172da9mv2-300x169.avif 300w, https:\/\/www.belart-gallery.com\/wp-content\/uploads\/2025\/04\/e96aef_1f1f944a58584afeb0f1b3c6b0172da9mv2-768x432.avif 768w, https:\/\/www.belart-gallery.com\/wp-content\/uploads\/2025\/04\/e96aef_1f1f944a58584afeb0f1b3c6b0172da9mv2-18x10.avif 18w, https:\/\/www.belart-gallery.com\/wp-content\/uploads\/2025\/04\/e96aef_1f1f944a58584afeb0f1b3c6b0172da9mv2-600x337.avif 600w, https:\/\/www.belart-gallery.com\/wp-content\/uploads\/2025\/04\/e96aef_1f1f944a58584afeb0f1b3c6b0172da9mv2.avif 1480w\" sizes=\"(max-width: 1024px) 100vw, 1024px\" \/><\/a><\/figure>","protected":false},"excerpt":{"rendered":"<p>Art is a form of storytelling through its shapes, colors and movement. Movies frequently draw inspiration from famous paintings. Prominent artists have dazzled audiences with their innovative creativity and emotional turmoil. Films often rely on art to convey their messages, so here are 10 of the most prominent pieces that inspired many movies. 1. Starry [&hellip;]<\/p>","protected":false},"author":2,"featured_media":6206,"comment_status":"open","ping_status":"open","sticky":false,"template":"","format":"standard","meta":{"_acf_changed":false,"inline_featured_image":false,"_monsterinsights_skip_tracking":false,"_monsterinsights_sitenote_active":false,"_monsterinsights_sitenote_note":"","_monsterinsights_sitenote_category":0,"footnotes":""},"categories":[1],"tags":[],"class_list":["post-6205","post","type-post","status-publish","format-standard","has-post-thumbnail","hentry","category-uncategorized"],"acf":[],"_links":{"self":[{"href":"https:\/\/www.belart-gallery.com\/fr\/wp-json\/wp\/v2\/posts\/6205","targetHints":{"allow":["GET"]}}],"collection":[{"href":"https:\/\/www.belart-gallery.com\/fr\/wp-json\/wp\/v2\/posts"}],"about":[{"href":"https:\/\/www.belart-gallery.com\/fr\/wp-json\/wp\/v2\/types\/post"}],"author":[{"embeddable":true,"href":"https:\/\/www.belart-gallery.com\/fr\/wp-json\/wp\/v2\/users\/2"}],"replies":[{"embeddable":true,"href":"https:\/\/www.belart-gallery.com\/fr\/wp-json\/wp\/v2\/comments?post=6205"}],"version-history":[{"count":1,"href":"https:\/\/www.belart-gallery.com\/fr\/wp-json\/wp\/v2\/posts\/6205\/revisions"}],"predecessor-version":[{"id":6221,"href":"https:\/\/www.belart-gallery.com\/fr\/wp-json\/wp\/v2\/posts\/6205\/revisions\/6221"}],"wp:featuredmedia":[{"embeddable":true,"href":"https:\/\/www.belart-gallery.com\/fr\/wp-json\/wp\/v2\/media\/6206"}],"wp:attachment":[{"href":"https:\/\/www.belart-gallery.com\/fr\/wp-json\/wp\/v2\/media?parent=6205"}],"wp:term":[{"taxonomy":"category","embeddable":true,"href":"https:\/\/www.belart-gallery.com\/fr\/wp-json\/wp\/v2\/categories?post=6205"},{"taxonomy":"post_tag","embeddable":true,"href":"https:\/\/www.belart-gallery.com\/fr\/wp-json\/wp\/v2\/tags?post=6205"}],"curies":[{"name":"wp","href":"https:\/\/api.w.org\/{rel}","templated":true}]}}